{"id":162,"date":"2026-01-25T12:46:13","date_gmt":"2026-01-25T12:46:13","guid":{"rendered":"https:\/\/modaiuroda.net\/?p=162"},"modified":"2026-01-25T12:46:13","modified_gmt":"2026-01-25T12:46:13","slug":"cialo-nie-musi-byc-projektem-nowa-fala-kobiecego-podejscia-do-wygladu","status":"publish","type":"post","link":"https:\/\/modaiuroda.net\/?p=162","title":{"rendered":"Cia\u0142o nie musi by\u0107 projektem &#8211; nowa fala kobiecego podej\u015bcia do wygl\u0105du"},"content":{"rendered":"\n<p>Przez lata uczono kobiety, \u017ce cia\u0142o jest zadaniem do wykonania. Projektem, kt\u00f3ry wymaga ci\u0105g\u0142ej kontroli, poprawek i optymalizacji. Miar\u0105 warto\u015bci stawa\u0142y si\u0119 centymetry w talii, liczby na wadze, g\u0142adko\u015b\u0107 sk\u00f3ry i zdolno\u015b\u0107 do \u201eutrzymania formy\u201d. Dzi\u015b coraz wi\u0119cej kobiet m\u00f3wi: do\u015b\u0107. Pojawia si\u0119 nowa fala podej\u015bcia do wygl\u0105du &#8211; spokojniejsza, bardziej \u015bwiadoma i oparta na szacunku do w\u0142asnego cia\u0142a. Fala, w kt\u00f3rej cia\u0142o przestaje by\u0107 projektem, a zaczyna by\u0107 <strong>miejscem \u017cycia<\/strong>.<\/p>\n\n\n\n<!--more-->\n\n\n\n<h3 class=\"wp-block-heading\">Sk\u0105d wzi\u0119\u0142o si\u0119 my\u015blenie o ciele jak o projekcie?<\/h3>\n\n\n\n<p>Kultura \u201enaprawiania\u201d cia\u0142a nie wzi\u0119\u0142a si\u0119 znik\u0105d. Przemys\u0142 beauty i fitness przez dekady budowa\u0142 narracj\u0119, w kt\u00f3rej kobiece cia\u0142o by\u0142o wiecznie \u201eniegotowe\u201d. Zawsze mo\u017cna by\u0142o je wyszczupli\u0107, uj\u0119drni\u0107, odm\u0142odzi\u0107, wyg\u0142adzi\u0107. Reklamy, magazyny i media spo\u0142eczno\u015bciowe podsyca\u0142y przekonanie, \u017ce praca nad sob\u0105 nigdy si\u0119 nie ko\u0144czy.<\/p>\n\n\n\n<p>Projekt zak\u0142ada plan, cel i termin. W przypadku cia\u0142a oznacza\u0142o to ci\u0105g\u0142e d\u0105\u017cenie do wersji idealnej, kt\u00f3ra\u2026 nigdy nie nadchodzi. Psychologowie zwracaj\u0105 uwag\u0119, \u017ce takie podej\u015bcie sprzyja chronicznemu niezadowoleniu i poczuciu braku kontroli, paradoksalnie dok\u0142adnie odwrotnie ni\u017c obiecuje.<\/p>\n\n\n\n<h3 class=\"wp-block-heading\">Zmiana narracji: od kontroli do relacji<\/h3>\n\n\n\n<p>Nowa fala kobiecego podej\u015bcia do wygl\u0105du opiera si\u0119 na zmianie perspektywy. Zamiast kontroli &#8211; relacja. Zamiast walki &#8211; wsp\u00f3\u0142praca. Cia\u0142o przestaje by\u0107 wrogiem, kt\u00f3rego trzeba dyscyplinowa\u0107, a staje si\u0119 partnerem, z kt\u00f3rym warto si\u0119 komunikowa\u0107.<\/p>\n\n\n\n<p>Coraz cz\u0119\u015bciej s\u0142yszymy pytania nie o to, jak cia\u0142o wygl\u0105da, ale <strong>jak si\u0119 czuje<\/strong>. Czy ma energi\u0119? Czy jest przeci\u0105\u017cone? Czy potrzebuje ruchu, czy odpoczynku? To subtelna, ale rewolucyjna zmiana. Oznacza odej\u015bcie od estetyki jako jedynego kryterium warto\u015bci na rzecz dobrostanu i funkcjonalno\u015bci.<\/p>\n\n\n\n<h3 class=\"wp-block-heading\">Moda, kt\u00f3ra dopasowuje si\u0119 do cia\u0142a<\/h3>\n\n\n\n<p>W \u015bwiecie mody ta zmiana jest coraz bardziej widoczna. Popularno\u015b\u0107 zyskuj\u0105 fasony, kt\u00f3re nie maj\u0105 \u201emodelowa\u0107\u201d sylwetki za wszelk\u0105 cen\u0119, ale pozwalaj\u0105 jej istnie\u0107 w naturalnej formie. Lu\u017aniejsze kroje, elastyczne materia\u0142y, ubrania projektowane z my\u015bl\u0105 o r\u00f3\u017cnych typach sylwetek i etapach \u017cycia.<\/p>\n\n\n\n<p>Nowa moda nie m\u00f3wi: \u201eza\u0142\u00f3\u017c to, \u017ceby wygl\u0105da\u0107 szczuplej\u201d, tylko: \u201eza\u0142\u00f3\u017c to, \u017ceby czu\u0107 si\u0119 swobodnie\u201d. Komfort przestaje by\u0107 kompromisem, a staje si\u0119 standardem. To ogromna zmiana kulturowa, szczeg\u00f3lnie dla kobiet, kt\u00f3re przez lata s\u0142ysza\u0142y, \u017ce \u201epi\u0119kno wymaga po\u015bwi\u0119ce\u0144\u201d.<\/p>\n\n\n\n<h3 class=\"wp-block-heading\">Uroda jako forma troski, nie poprawiania<\/h3>\n\n\n\n<p>Podobna rewolucja zachodzi w podej\u015bciu do urody. Coraz wi\u0119cej kobiet rezygnuje z agresywnych rytua\u0142\u00f3w \u201enaprawczych\u201d na rzecz <a href=\"https:\/\/modaiuroda.net\/?p=67\">piel\u0119gnacji<\/a> opartej na uwa\u017cno\u015bci. Kosmetyki nie maj\u0105 ju\u017c ukrywa\u0107 zm\u0119czenia czy wieku, ale <strong>wspiera\u0107 sk\u00f3r\u0119 w jej naturalnych procesach<\/strong>.<\/p>\n\n\n\n<p>To odej\u015bcie od presji wiecznej m\u0142odo\u015bci na rzecz akceptacji zmienno\u015bci. <strong>Zmarszczki, rozst\u0119py, blizny przestaj\u0105 by\u0107 defektami, a staj\u0105 si\u0119 zapisem do\u015bwiadcze\u0144. Cia\u0142o opowiada histori\u0119 &#8211; i nie musi jej wymazywa\u0107, by zas\u0142ugiwa\u0107 na szacunek.<\/strong><\/p>\n\n\n\n<h3 class=\"wp-block-heading\">Media spo\u0142eczno\u015bciowe: problem i narz\u0119dzie zmiany<\/h3>\n\n\n\n<p>Cho\u0107 media spo\u0142eczno\u015bciowe d\u0142ugo wzmacnia\u0142y kult \u201eidealnego cia\u0142a\u201d, dzi\u015b coraz cz\u0119\u015bciej staj\u0105 si\u0119 przestrzeni\u0105 kontrnarracji. Kobiety pokazuj\u0105 cia\u0142a w ruchu, w codzienno\u015bci, bez filtr\u00f3w i pozowania. Dziel\u0105 si\u0119 do\u015bwiadczeniem \u017cycia w ciele, kt\u00f3re si\u0119 zmienia, choruje, regeneruje, starzeje.<\/p>\n\n\n\n<p>Ta autentyczno\u015b\u0107 dzia\u0142a jak antidotum na perfekcjonizm. Normalizuje r\u00f3\u017cnorodno\u015b\u0107 i przypomina, \u017ce cia\u0142o nie istnieje po to, by by\u0107 ogl\u0105dane, ale by <strong>\u017cy\u0107<\/strong>. Dla wielu kobiet to pierwszy moment, w kt\u00f3rym widz\u0105 siebie nie jako odst\u0119pstwo od normy, ale jako jej cz\u0119\u015b\u0107.<\/p>\n\n\n\n<h3 class=\"wp-block-heading\">Cia\u0142o a to\u017csamo\u015b\u0107<\/h3>\n\n\n\n<p>Nowe podej\u015bcie do wygl\u0105du jest \u015bci\u015ble zwi\u0105zane z to\u017csamo\u015bci\u0105. Kobiety coraz cz\u0119\u015bciej definiuj\u0105 siebie poza wygl\u0105dem. Odkrywaj\u0105, \u017ce ich warto\u015b\u0107 nie zale\u017cy od tego, jak s\u0105 postrzegane, ale kim s\u0105 i jak funkcjonuj\u0105 w \u015bwiecie.<\/p>\n\n\n\n<p>To nie oznacza rezygnacji z estetyki czy dbania o siebie. Wr\u0119cz przeciwnie &#8211; oznacza <strong>wolno\u015b\u0107 wyboru<\/strong>. Makija\u017c, dieta czy trening przestaj\u0105 by\u0107 obowi\u0105zkiem, a staj\u0105 si\u0119 narz\u0119dziem ekspresji lub troski. R\u00f3\u017cnica tkwi w intencji.<\/p>\n\n\n\n<h3 class=\"wp-block-heading\">Cia\u0142o jako dom, nie projekt<\/h3>\n\n\n\n<p>Najwa\u017cniejszym elementem nowej fali jest zmiana j\u0119zyka. Cia\u0142o nie jest ju\u017c \u201edo zrobienia\u201d, \u201edo poprawy\u201d czy \u201edo ogarni\u0119cia\u201d. Jest domem, w kt\u00f3rym mieszkamy przez ca\u0142e \u017cycie. Domem, kt\u00f3ry czasem wymaga remontu, czasem odpoczynku, a czasem po prostu akceptacji ba\u0142aganu.<\/p>\n\n\n\n<p>To podej\u015bcie nie jest trendem sezonowym, ale g\u0142\u0119bok\u0105 zmian\u0105 spo\u0142eczn\u0105. Odpowiedzi\u0105 na zm\u0119czenie presj\u0105, por\u00f3wnywaniem si\u0119 i nieustann\u0105 ocen\u0105. Cia\u0142o nie musi by\u0107 projektem, bo nie jest zadaniem do zaliczenia. Jest \u017cywym, zmieniaj\u0105cym si\u0119 elementem naszej to\u017csamo\u015bci. I to w\u0142a\u015bnie w tej niedoskona\u0142o\u015bci kryje si\u0119 jego prawdziwa si\u0142a.<\/p>\n","protected":false},"excerpt":{"rendered":"<p>Przez lata uczono kobiety, \u017ce cia\u0142o jest zadaniem do wykonania. Projektem, kt\u00f3ry wymaga ci\u0105g\u0142ej kontroli, poprawek i optymalizacji. Miar\u0105 warto\u015bci stawa\u0142y si\u0119 centymetry w talii, liczby na wadze, g\u0142adko\u015b\u0107 sk\u00f3ry i zdolno\u015b\u0107 do \u201eutrzymania formy\u201d. Dzi\u015b coraz wi\u0119cej kobiet m\u00f3wi: do\u015b\u0107. Pojawia si\u0119 nowa fala podej\u015bcia do wygl\u0105du &#8211; spokojniejsza, bardziej \u015bwiadoma i oparta na [&hellip;]<\/p>\n","protected":false},"author":5,"featured_media":163,"comment_status":"open","ping_status":"open","sticky":false,"template":"","format":"standard","meta":{"footnotes":""},"categories":[4,5],"tags":[136,137,140,139,138],"class_list":["post-162","post","type-post","status-publish","format-standard","has-post-thumbnail","hentry","category-lifestyle","category-porady","tag-cialo","tag-kobieta","tag-komfort-psychiczny","tag-pielegnacja","tag-rownowaga"],"yoast_head":"<!-- This site is optimized with the Yoast SEO plugin v26.0 - https:\/\/yoast.com\/wordpress\/plugins\/seo\/ -->\n<title>Cia\u0142o nie musi by\u0107 projektem - nowa fala kobiecego podej\u015bcia do wygl\u0105du - Moda i Uroda<\/title>\n<meta name=\"description\" content=\"Przez lata uczono kobiety, \u017ce cia\u0142o jest zadaniem do wykonania. Projektem, kt\u00f3ry wymaga ci\u0105g\u0142ej kontroli, poprawek i optymalizacji. Miar\u0105 warto\u015bci stawa\u0142y si\u0119 centymetry w talii, liczby na wadze, g\u0142adko\u015b\u0107 sk\u00f3ry i zdolno\u015b\u0107 do \u201eutrzymania formy\u201d. Dzi\u015b coraz wi\u0119cej kobiet m\u00f3wi: do\u015b\u0107. Pojawia si\u0119 nowa fala podej\u015bcia do wygl\u0105du - spokojniejsza, bardziej \u015bwiadoma i oparta na szacunku do w\u0142asnego cia\u0142a. Fala, w kt\u00f3rej cia\u0142o przestaje by\u0107 projektem, a zaczyna by\u0107 miejscem \u017cycia.\" \/>\n<meta name=\"robots\" content=\"index, follow, max-snippet:-1, max-image-preview:large, max-video-preview:-1\" \/>\n<link rel=\"canonical\" href=\"https:\/\/modaiuroda.net\/?p=162\" \/>\n<meta property=\"og:locale\" content=\"pl_PL\" \/>\n<meta property=\"og:type\" content=\"article\" \/>\n<meta property=\"og:title\" content=\"Cia\u0142o nie musi by\u0107 projektem - nowa fala kobiecego podej\u015bcia do wygl\u0105du - Moda i Uroda\" \/>\n<meta property=\"og:description\" content=\"Przez lata uczono kobiety, \u017ce cia\u0142o jest zadaniem do wykonania. Projektem, kt\u00f3ry wymaga ci\u0105g\u0142ej kontroli, poprawek i optymalizacji. Miar\u0105 warto\u015bci stawa\u0142y si\u0119 centymetry w talii, liczby na wadze, g\u0142adko\u015b\u0107 sk\u00f3ry i zdolno\u015b\u0107 do \u201eutrzymania formy\u201d. Dzi\u015b coraz wi\u0119cej kobiet m\u00f3wi: do\u015b\u0107. Pojawia si\u0119 nowa fala podej\u015bcia do wygl\u0105du - spokojniejsza, bardziej \u015bwiadoma i oparta na szacunku do w\u0142asnego cia\u0142a. Fala, w kt\u00f3rej cia\u0142o przestaje by\u0107 projektem, a zaczyna by\u0107 miejscem \u017cycia.\" \/>\n<meta property=\"og:url\" content=\"https:\/\/modaiuroda.net\/?p=162\" \/>\n<meta property=\"og:site_name\" content=\"Moda i Uroda\" \/>\n<meta property=\"article:published_time\" content=\"2026-01-25T12:46:13+00:00\" \/>\n<meta property=\"og:image\" content=\"https:\/\/modaiuroda.net\/wp-content\/uploads\/2026\/01\/MODA-I-URODA-1.jpg\" \/>\n\t<meta property=\"og:image:width\" content=\"1024\" \/>\n\t<meta property=\"og:image:height\" content=\"683\" \/>\n\t<meta property=\"og:image:type\" content=\"image\/jpeg\" \/>\n<meta name=\"author\" content=\"Milena Kraft\" \/>\n<meta name=\"twitter:card\" content=\"summary_large_image\" \/>\n<meta name=\"twitter:label1\" content=\"Napisane przez\" \/>\n\t<meta name=\"twitter:data1\" content=\"Milena Kraft\" \/>\n\t<meta name=\"twitter:label2\" content=\"Szacowany czas czytania\" \/>\n\t<meta name=\"twitter:data2\" content=\"5 minut\" \/>\n<script type=\"application\/ld+json\" class=\"yoast-schema-graph\">{\"@context\":\"https:\/\/schema.org\",\"@graph\":[{\"@type\":\"WebPage\",\"@id\":\"https:\/\/modaiuroda.net\/?p=162\",\"url\":\"https:\/\/modaiuroda.net\/?p=162\",\"name\":\"Cia\u0142o nie musi by\u0107 projektem - nowa fala kobiecego podej\u015bcia do wygl\u0105du - Moda i Uroda\",\"isPartOf\":{\"@id\":\"https:\/\/modaiuroda.net\/#website\"},\"primaryImageOfPage\":{\"@id\":\"https:\/\/modaiuroda.net\/?p=162#primaryimage\"},\"image\":{\"@id\":\"https:\/\/modaiuroda.net\/?p=162#primaryimage\"},\"thumbnailUrl\":\"https:\/\/modaiuroda.net\/wp-content\/uploads\/2026\/01\/MODA-I-URODA-1.jpg\",\"datePublished\":\"2026-01-25T12:46:13+00:00\",\"author\":{\"@id\":\"https:\/\/modaiuroda.net\/#\/schema\/person\/20e7432fa7dcce9e5d284b2ddd03887e\"},\"description\":\"Przez lata uczono kobiety, \u017ce cia\u0142o jest zadaniem do wykonania. Projektem, kt\u00f3ry wymaga ci\u0105g\u0142ej kontroli, poprawek i optymalizacji. Miar\u0105 warto\u015bci stawa\u0142y si\u0119 centymetry w talii, liczby na wadze, g\u0142adko\u015b\u0107 sk\u00f3ry i zdolno\u015b\u0107 do \u201eutrzymania formy\u201d. Dzi\u015b coraz wi\u0119cej kobiet m\u00f3wi: do\u015b\u0107. Pojawia si\u0119 nowa fala podej\u015bcia do wygl\u0105du - spokojniejsza, bardziej \u015bwiadoma i oparta na szacunku do w\u0142asnego cia\u0142a. Fala, w kt\u00f3rej cia\u0142o przestaje by\u0107 projektem, a zaczyna by\u0107 miejscem \u017cycia.\",\"breadcrumb\":{\"@id\":\"https:\/\/modaiuroda.net\/?p=162#breadcrumb\"},\"inLanguage\":\"pl-PL\",\"potentialAction\":[{\"@type\":\"ReadAction\",\"target\":[\"https:\/\/modaiuroda.net\/?p=162\"]}]},{\"@type\":\"ImageObject\",\"inLanguage\":\"pl-PL\",\"@id\":\"https:\/\/modaiuroda.net\/?p=162#primaryimage\",\"url\":\"https:\/\/modaiuroda.net\/wp-content\/uploads\/2026\/01\/MODA-I-URODA-1.jpg\",\"contentUrl\":\"https:\/\/modaiuroda.net\/wp-content\/uploads\/2026\/01\/MODA-I-URODA-1.jpg\",\"width\":1024,\"height\":683},{\"@type\":\"BreadcrumbList\",\"@id\":\"https:\/\/modaiuroda.net\/?p=162#breadcrumb\",\"itemListElement\":[{\"@type\":\"ListItem\",\"position\":1,\"name\":\"Strona g\u0142\u00f3wna\",\"item\":\"https:\/\/modaiuroda.net\/\"},{\"@type\":\"ListItem\",\"position\":2,\"name\":\"Cia\u0142o nie musi by\u0107 projektem &#8211; nowa fala kobiecego podej\u015bcia do wygl\u0105du\"}]},{\"@type\":\"WebSite\",\"@id\":\"https:\/\/modaiuroda.net\/#website\",\"url\":\"https:\/\/modaiuroda.net\/\",\"name\":\"Moda i Uroda\",\"description\":\"Blog o modzie i urodzie\",\"potentialAction\":[{\"@type\":\"SearchAction\",\"target\":{\"@type\":\"EntryPoint\",\"urlTemplate\":\"https:\/\/modaiuroda.net\/?s={search_term_string}\"},\"query-input\":{\"@type\":\"PropertyValueSpecification\",\"valueRequired\":true,\"valueName\":\"search_term_string\"}}],\"inLanguage\":\"pl-PL\"},{\"@type\":\"Person\",\"@id\":\"https:\/\/modaiuroda.net\/#\/schema\/person\/20e7432fa7dcce9e5d284b2ddd03887e\",\"name\":\"Milena Kraft\",\"image\":{\"@type\":\"ImageObject\",\"inLanguage\":\"pl-PL\",\"@id\":\"https:\/\/modaiuroda.net\/#\/schema\/person\/image\/\",\"url\":\"https:\/\/secure.gravatar.com\/avatar\/8d217197e97179d7a5a1556e08228cd14ac4b7d3f57891c4cf8e32bba6cb2071?s=96&d=mm&r=g\",\"contentUrl\":\"https:\/\/secure.gravatar.com\/avatar\/8d217197e97179d7a5a1556e08228cd14ac4b7d3f57891c4cf8e32bba6cb2071?s=96&d=mm&r=g\",\"caption\":\"Milena Kraft\"},\"url\":\"https:\/\/modaiuroda.net\/?author=5\"}]}<\/script>\n<!-- \/ Yoast SEO plugin. -->","yoast_head_json":{"title":"Cia\u0142o nie musi by\u0107 projektem - nowa fala kobiecego podej\u015bcia do wygl\u0105du - Moda i Uroda","description":"Przez lata uczono kobiety, \u017ce cia\u0142o jest zadaniem do wykonania. Projektem, kt\u00f3ry wymaga ci\u0105g\u0142ej kontroli, poprawek i optymalizacji. Miar\u0105 warto\u015bci stawa\u0142y si\u0119 centymetry w talii, liczby na wadze, g\u0142adko\u015b\u0107 sk\u00f3ry i zdolno\u015b\u0107 do \u201eutrzymania formy\u201d. Dzi\u015b coraz wi\u0119cej kobiet m\u00f3wi: do\u015b\u0107. Pojawia si\u0119 nowa fala podej\u015bcia do wygl\u0105du - spokojniejsza, bardziej \u015bwiadoma i oparta na szacunku do w\u0142asnego cia\u0142a. Fala, w kt\u00f3rej cia\u0142o przestaje by\u0107 projektem, a zaczyna by\u0107 miejscem \u017cycia.","robots":{"index":"index","follow":"follow","max-snippet":"max-snippet:-1","max-image-preview":"max-image-preview:large","max-video-preview":"max-video-preview:-1"},"canonical":"https:\/\/modaiuroda.net\/?p=162","og_locale":"pl_PL","og_type":"article","og_title":"Cia\u0142o nie musi by\u0107 projektem - nowa fala kobiecego podej\u015bcia do wygl\u0105du - Moda i Uroda","og_description":"Przez lata uczono kobiety, \u017ce cia\u0142o jest zadaniem do wykonania. Projektem, kt\u00f3ry wymaga ci\u0105g\u0142ej kontroli, poprawek i optymalizacji. Miar\u0105 warto\u015bci stawa\u0142y si\u0119 centymetry w talii, liczby na wadze, g\u0142adko\u015b\u0107 sk\u00f3ry i zdolno\u015b\u0107 do \u201eutrzymania formy\u201d. Dzi\u015b coraz wi\u0119cej kobiet m\u00f3wi: do\u015b\u0107. Pojawia si\u0119 nowa fala podej\u015bcia do wygl\u0105du - spokojniejsza, bardziej \u015bwiadoma i oparta na szacunku do w\u0142asnego cia\u0142a. Fala, w kt\u00f3rej cia\u0142o przestaje by\u0107 projektem, a zaczyna by\u0107 miejscem \u017cycia.","og_url":"https:\/\/modaiuroda.net\/?p=162","og_site_name":"Moda i Uroda","article_published_time":"2026-01-25T12:46:13+00:00","og_image":[{"width":1024,"height":683,"url":"https:\/\/modaiuroda.net\/wp-content\/uploads\/2026\/01\/MODA-I-URODA-1.jpg","type":"image\/jpeg"}],"author":"Milena Kraft","twitter_card":"summary_large_image","twitter_misc":{"Napisane przez":"Milena Kraft","Szacowany czas czytania":"5 minut"},"schema":{"@context":"https:\/\/schema.org","@graph":[{"@type":"WebPage","@id":"https:\/\/modaiuroda.net\/?p=162","url":"https:\/\/modaiuroda.net\/?p=162","name":"Cia\u0142o nie musi by\u0107 projektem - nowa fala kobiecego podej\u015bcia do wygl\u0105du - Moda i Uroda","isPartOf":{"@id":"https:\/\/modaiuroda.net\/#website"},"primaryImageOfPage":{"@id":"https:\/\/modaiuroda.net\/?p=162#primaryimage"},"image":{"@id":"https:\/\/modaiuroda.net\/?p=162#primaryimage"},"thumbnailUrl":"https:\/\/modaiuroda.net\/wp-content\/uploads\/2026\/01\/MODA-I-URODA-1.jpg","datePublished":"2026-01-25T12:46:13+00:00","author":{"@id":"https:\/\/modaiuroda.net\/#\/schema\/person\/20e7432fa7dcce9e5d284b2ddd03887e"},"description":"Przez lata uczono kobiety, \u017ce cia\u0142o jest zadaniem do wykonania. Projektem, kt\u00f3ry wymaga ci\u0105g\u0142ej kontroli, poprawek i optymalizacji. Miar\u0105 warto\u015bci stawa\u0142y si\u0119 centymetry w talii, liczby na wadze, g\u0142adko\u015b\u0107 sk\u00f3ry i zdolno\u015b\u0107 do \u201eutrzymania formy\u201d. Dzi\u015b coraz wi\u0119cej kobiet m\u00f3wi: do\u015b\u0107. Pojawia si\u0119 nowa fala podej\u015bcia do wygl\u0105du - spokojniejsza, bardziej \u015bwiadoma i oparta na szacunku do w\u0142asnego cia\u0142a. Fala, w kt\u00f3rej cia\u0142o przestaje by\u0107 projektem, a zaczyna by\u0107 miejscem \u017cycia.","breadcrumb":{"@id":"https:\/\/modaiuroda.net\/?p=162#breadcrumb"},"inLanguage":"pl-PL","potentialAction":[{"@type":"ReadAction","target":["https:\/\/modaiuroda.net\/?p=162"]}]},{"@type":"ImageObject","inLanguage":"pl-PL","@id":"https:\/\/modaiuroda.net\/?p=162#primaryimage","url":"https:\/\/modaiuroda.net\/wp-content\/uploads\/2026\/01\/MODA-I-URODA-1.jpg","contentUrl":"https:\/\/modaiuroda.net\/wp-content\/uploads\/2026\/01\/MODA-I-URODA-1.jpg","width":1024,"height":683},{"@type":"BreadcrumbList","@id":"https:\/\/modaiuroda.net\/?p=162#breadcrumb","itemListElement":[{"@type":"ListItem","position":1,"name":"Strona g\u0142\u00f3wna","item":"https:\/\/modaiuroda.net\/"},{"@type":"ListItem","position":2,"name":"Cia\u0142o nie musi by\u0107 projektem &#8211; nowa fala kobiecego podej\u015bcia do wygl\u0105du"}]},{"@type":"WebSite","@id":"https:\/\/modaiuroda.net\/#website","url":"https:\/\/modaiuroda.net\/","name":"Moda i Uroda","description":"Blog o modzie i urodzie","potentialAction":[{"@type":"SearchAction","target":{"@type":"EntryPoint","urlTemplate":"https:\/\/modaiuroda.net\/?s={search_term_string}"},"query-input":{"@type":"PropertyValueSpecification","valueRequired":true,"valueName":"search_term_string"}}],"inLanguage":"pl-PL"},{"@type":"Person","@id":"https:\/\/modaiuroda.net\/#\/schema\/person\/20e7432fa7dcce9e5d284b2ddd03887e","name":"Milena Kraft","image":{"@type":"ImageObject","inLanguage":"pl-PL","@id":"https:\/\/modaiuroda.net\/#\/schema\/person\/image\/","url":"https:\/\/secure.gravatar.com\/avatar\/8d217197e97179d7a5a1556e08228cd14ac4b7d3f57891c4cf8e32bba6cb2071?s=96&d=mm&r=g","contentUrl":"https:\/\/secure.gravatar.com\/avatar\/8d217197e97179d7a5a1556e08228cd14ac4b7d3f57891c4cf8e32bba6cb2071?s=96&d=mm&r=g","caption":"Milena Kraft"},"url":"https:\/\/modaiuroda.net\/?author=5"}]}},"_links":{"self":[{"href":"https:\/\/modaiuroda.net\/index.php?rest_route=\/wp\/v2\/posts\/162","targetHints":{"allow":["GET"]}}],"collection":[{"href":"https:\/\/modaiuroda.net\/index.php?rest_route=\/wp\/v2\/posts"}],"about":[{"href":"https:\/\/modaiuroda.net\/index.php?rest_route=\/wp\/v2\/types\/post"}],"author":[{"embeddable":true,"href":"https:\/\/modaiuroda.net\/index.php?rest_route=\/wp\/v2\/users\/5"}],"replies":[{"embeddable":true,"href":"https:\/\/modaiuroda.net\/index.php?rest_route=%2Fwp%2Fv2%2Fcomments&post=162"}],"version-history":[{"count":1,"href":"https:\/\/modaiuroda.net\/index.php?rest_route=\/wp\/v2\/posts\/162\/revisions"}],"predecessor-version":[{"id":164,"href":"https:\/\/modaiuroda.net\/index.php?rest_route=\/wp\/v2\/posts\/162\/revisions\/164"}],"wp:featuredmedia":[{"embeddable":true,"href":"https:\/\/modaiuroda.net\/index.php?rest_route=\/wp\/v2\/media\/163"}],"wp:attachment":[{"href":"https:\/\/modaiuroda.net\/index.php?rest_route=%2Fwp%2Fv2%2Fmedia&parent=162"}],"wp:term":[{"taxonomy":"category","embeddable":true,"href":"https:\/\/modaiuroda.net\/index.php?rest_route=%2Fwp%2Fv2%2Fcategories&post=162"},{"taxonomy":"post_tag","embeddable":true,"href":"https:\/\/modaiuroda.net\/index.php?rest_route=%2Fwp%2Fv2%2Ftags&post=162"}],"curies":[{"name":"wp","href":"https:\/\/api.w.org\/{rel}","templated":true}]}}