{"id":174,"date":"2026-04-27T08:39:59","date_gmt":"2026-04-27T08:39:59","guid":{"rendered":"https:\/\/modaiuroda.net\/?p=174"},"modified":"2026-04-27T08:39:59","modified_gmt":"2026-04-27T08:39:59","slug":"hair-cycling-i-scalp-care-dlaczego-zdrowa-skora-glowy-stala-sie-nowym-trendem-beauty","status":"publish","type":"post","link":"https:\/\/modaiuroda.net\/?p=174","title":{"rendered":"Hair cycling i scalp care &#8211; dlaczego zdrowa sk\u00f3ra g\u0142owy sta\u0142a si\u0119 nowym trendem beauty?"},"content":{"rendered":"\n<p>Zapomnij o maskowaniu problem\u00f3w ton\u0105 lakieru czy suchym szamponem. W 2026 roku \u015bwiat beauty og\u0142osi\u0142 wielki powr\u00f3t do korzeni, i to dos\u0142ownie! Je\u015bli my\u015bleli\u015bcie, \u017ce piel\u0119gnacja twarzy to szczyt zaawansowania w Waszej \u0142azience, przygotujcie si\u0119 na rewolucj\u0119, kt\u00f3ra dzieje si\u0119 nieco wy\u017cej. Poznajcie hair cycling i scalp care &#8211; duety, kt\u00f3re sprawi\u0142y, \u017ce w\u0142osy sta\u0142y si\u0119 nowym, najwa\u017cniejszym filarem naszej pewno\u015bci siebie. To nie jest tylko kolejny trend z TikToka. To zmiana filozofii, kt\u00f3ra m\u00f3wi jasno: pi\u0119kne w\u0142osy zaczynaj\u0105 si\u0119 tam, gdzie ich nie wida\u0107 &#8211; w sk\u00f3rze g\u0142owy.<\/p>\n\n\n\n<!--more-->\n\n\n\n<p>W\u0142osy od zawsze by\u0142y symbolem witalno\u015bci, si\u0142y i indywidualizmu. Ale um\u00f3wmy si\u0119, przez lata traktowali\u015bmy je troch\u0119 po macoszemu, skupiaj\u0105c si\u0119 tylko na tym, co wystaje ponad powierzchni\u0119. Dzi\u015b zmieniamy zasady gry. Piel\u0119gnujemy sk\u00f3r\u0119 g\u0142owy z tak\u0105 sam\u0105 pasj\u0105, z jak\u0105 dbamy o cer\u0119, a efekty? S\u0105 po prostu osza\u0142amiaj\u0105ce!<\/p>\n\n\n\n<h3 class=\"wp-block-heading\">Sk\u00f3ra g\u0142owy to te\u017c sk\u00f3ra &#8211; wielkie przebudzenie<\/h3>\n\n\n\n<p>Przez dekady bran\u017ca kosmetyczna uczy\u0142a nas, jak dobiera\u0107 szampon do rodzaju w\u0142os\u00f3w: do suchych, do t\u0142ustych, do farbowanych. B\u0142\u0105d! Nowoczesny scalp care opiera si\u0119 na genialnie prostym spostrze\u017ceniu: szampon dobieramy do sk\u00f3ry g\u0142owy, a od\u017cywk\u0119 do d\u0142ugo\u015bci w\u0142os\u00f3w. To fundamentalna zmiana, kt\u00f3ra otworzy\u0142a drzwi do krainy l\u015bni\u0105cych, zdrowych pasm.<\/p>\n\n\n\n<p>Dlaczego nagle wszyscy oszaleli na punkcie scalp care? Poniewa\u017c zrozumieli\u015bmy, \u017ce sk\u00f3ra g\u0142owy to przed\u0142u\u017cenie sk\u00f3ry twarzy. Ma swoje pory, produkuje sebum, ulega zanieczyszczeniom i&#8230; potrzebuje peelingu! Wyobra\u017a sobie, \u017ce przez miesi\u0105c nie myjesz twarzy, a jedynie nak\u0142adasz na ni\u0105 kolejne warstwy pudru. Brzmi strasznie, prawda? A dok\u0142adnie to robimy naszym cebulkom, nadu\u017cywaj\u0105c produkt\u00f3w do stylizacji i zapominaj\u0105c o g\u0142\u0119bokim oczyszczaniu. Zdrowa sk\u00f3ra g\u0142owy to czyste, dotlenione cebulki, kt\u00f3re maj\u0105 si\u0142\u0119 produkowa\u0107 mocne w\u0142osy. To fundament, bez kt\u00f3rego nawet najdro\u017csza maska nie zadzia\u0142a tak, jak powinna.<\/p>\n\n\n\n<h3 class=\"wp-block-heading\">Hair Cycling &#8211; inteligentny trening dla Twoich w\u0142os\u00f3w<\/h3>\n\n\n\n<p>Je\u015bli scalp care jest fundamentem, to hair cycling jest precyzyjnie u\u0142o\u017conym planem treningowym. Ten trend, zainspirowany koncepcj\u0105 skin cyclingu, polega na rotowaniu produktami piel\u0119gnacyjnymi w okre\u015blonych cyklach mycia. Dlaczego to takie genialne? Poniewa\u017c nasze w\u0142osy i sk\u00f3ra g\u0142owy maj\u0105 r\u00f3\u017cne potrzeby w r\u00f3\u017cnych dniach, a dostarczanie im wszystkiego na raz (lub w k\u00f3\u0142ko tego samego) prowadzi do \u201eprzestymulowania\u201d lub, co gorsza, do nudy w piel\u0119gnacji.<\/p>\n\n\n\n<p>Hair cycling uczy nas s\u0142uchania w\u0142asnego cia\u0142a. Zamiast u\u017cywa\u0107 jednego szamponu a\u017c do denka, tworzymy harmonogram. Typowy cykl obejmuje dzie\u0144 detoksu (g\u0142\u0119bokie oczyszczanie i peeling), dzie\u0144 regeneracji (nawil\u017canie i proteiny) oraz dzie\u0144 odpoczynku (delikatne mycie i ukojenie). Dzi\u0119ki temu unikamy nadbudowywania si\u0119 sk\u0142adnik\u00f3w na w\u0142osach, co sprawia\u0142o, \u017ce kiedy\u015b stawa\u0142y si\u0119 oklapni\u0119te i bez \u017cycia. Teraz ka\u017cde mycie to nowa energia, nowy vibe i konkretny cel. To piel\u0119gnacja szyta na miar\u0119, kt\u00f3ra sprawia, \u017ce czujesz si\u0119 jak profesjonalny stylista we w\u0142asnej \u0142azience!<\/p>\n\n\n\n<h3 class=\"wp-block-heading\">Rytua\u0142y, kt\u00f3re daj\u0105 rado\u015b\u0107<\/h3>\n\n\n\n<p>Podej\u015bcie do w\u0142os\u00f3w w 2026 roku to nie tylko chemia i sk\u0142ady. To przede wszystkim niesamowita przyjemno\u015b\u0107. Nowoczesny scalp care przywr\u00f3ci\u0142 do \u0142ask masa\u017ce. Nie ma nic bardziej relaksuj\u0105cego ni\u017c wieczorny rytua\u0142 z u\u017cyciem wcierki i specjalnego masa\u017cera z mi\u0119kkimi wypustkami. To moment tylko dla Ciebie &#8211; chwila mindfulness, kt\u00f3ra przy okazji pobudza kr\u0105\u017cenie i sprawia, \u017ce w\u0142osy rosn\u0105 jak szalone.<\/p>\n\n\n\n<p>Kluczem do sukcesu s\u0105 te\u017c sk\u0142adniki, kt\u00f3re dot\u0105d znali\u015bmy g\u0142\u00f3wnie z luksusowych krem\u00f3w do twarzy. Kwas hialuronowy, niacynamid, peptydy, a nawet kwasy AHA i BHA &#8211; one wszystkie zamieszka\u0142y w naszych szamponach i serum do sk\u00f3ry g\u0142owy. To czysta magia! Kwas hialuronowy nawil\u017ca sk\u00f3r\u0119 g\u0142owy, eliminuj\u0105c sw\u0119dzenie i suchy \u0142upie\u017c, a peptydy stymuluj\u0105 wzrost, daj\u0105c efekt &#8222;baby hair&#8221;, o kt\u00f3rym marzy ka\u017cdy z nas. Ta energetyczna mieszanka sprawia, \u017ce piel\u0119gnacja przestaje by\u0107 obowi\u0105zkiem, a staje si\u0119 ekscytuj\u0105cym eksperymentem, kt\u00f3rego efekty wida\u0107 w lustrze ka\u017cdego ranka.<\/p>\n\n\n\n<h3 class=\"wp-block-heading\">W\u0142osy jako Twoja supermoc<\/h3>\n\n\n\n<p>Dlaczego ta ca\u0142a rewolucja jest tak wa\u017cna? Bo w\u0142osy to co\u015b wi\u0119cej ni\u017c tylko \u201edodatek\u201d. To wa\u017cny filar naszej urody, kt\u00f3ry komunikuje \u015bwiatu nasz\u0105 energi\u0119. Kiedy Twoja sk\u00f3ra g\u0142owy jest zdrowa, a w\u0142osy dzi\u0119ki hair cyclingowi s\u0105 spr\u0119\u017cyste i b\u0142yszcz\u0105ce, zmienia si\u0119 ca\u0142a Twoja postawa. Prostujesz si\u0119, cz\u0119\u015bciej si\u0119 u\u015bmiechasz, czujesz, \u017ce mo\u017cesz podbi\u0107 \u015bwiat. To pozytywny vibe, kt\u00f3ry promieniuje z wewn\u0105trz.<\/p>\n\n\n\n<p>Scalp care i hair cycling ucz\u0105 nas cierpliwo\u015bci i mi\u0142o\u015bci do siebie. Wyniki nie pojawiaj\u0105 si\u0119 po jednym myciu, ale kiedy po miesi\u0105cu zauwa\u017casz, \u017ce Twoje w\u0142osy przesta\u0142y wypada\u0107, maj\u0105 niesamowit\u0105 obj\u0119to\u015b\u0107 u nasady, a sk\u00f3ra g\u0142owy \u201eoddycha\u201d, czujesz czyst\u0105 satysfakcj\u0119. To dow\u00f3d na to, \u017ce systematyczno\u015b\u0107 i dbanie o podstawy zawsze wygrywaj\u0105 z drogimi, chwilowymi rozwi\u0105zaniami.<\/p>\n\n\n\n<h3 class=\"wp-block-heading\">Przysz\u0142o\u015b\u0107 jest \u015bwietlista<\/h3>\n\n\n\n<p>Trend na zdrow\u0105 sk\u00f3r\u0119 g\u0142owy to sygna\u0142, \u017ce jako konsumenci stali\u015bmy si\u0119 niezwykle \u015bwiadomi. Nie dajemy si\u0119 ju\u017c nabra\u0107 na obietnice \u201emagicznych szampon\u00f3w 10 w 1\u201d. Szukamy jako\u015bci, rozumiemy sk\u0142ady i wiemy, \u017ce uroda to system naczy\u0144 po\u0142\u0105czonych. Hair cycling to dopiero pocz\u0105tek drogi do personalizacji, kt\u00f3ra sprawi, \u017ce ka\u017cdy z nas b\u0119dzie mia\u0142 szans\u0119 na swoj\u0105 wymarzon\u0105 \u201egood hair day\u201d ka\u017cdego dnia.<\/p>\n\n\n\n<p>Wi\u0119c je\u015bli jeszcze nie masz w swojej \u0142azience peelingu do sk\u00f3ry g\u0142owy &#8211; biegnij go kupi\u0107! Je\u015bli Twoje szampony stoj\u0105 w rz\u0105dku bez celu &#8211; nadaj im harmonogram. Zacznij sw\u00f3j w\u0142asny hair cycling i zobacz, jak Twoje w\u0142osy odwdzi\u0119czaj\u0105 Ci si\u0119 blaskiem, o jakim wcze\u015bniej tylko marzy\u0142a\u015b. To nowa era w \u015bwiecie beauty: era zdrowia, energii i absolutnego zachwytu nad tym, co zaczyna si\u0119 tu\u017c pod powierzchni\u0105. Twoja sk\u00f3ra g\u0142owy na to zas\u0142uguje, a Ty poczujesz t\u0119 r\u00f3\u017cnic\u0119 przy ka\u017cdym ruchu g\u0142ow\u0105. Let\u2019s glow!<\/p>\n","protected":false},"excerpt":{"rendered":"<p>Zapomnij o maskowaniu problem\u00f3w ton\u0105 lakieru czy suchym szamponem. W 2026 roku \u015bwiat beauty og\u0142osi\u0142 wielki powr\u00f3t do korzeni, i to dos\u0142ownie! Je\u015bli my\u015bleli\u015bcie, \u017ce piel\u0119gnacja twarzy to szczyt zaawansowania w Waszej \u0142azience, przygotujcie si\u0119 na rewolucj\u0119, kt\u00f3ra dzieje si\u0119 nieco wy\u017cej. Poznajcie hair cycling i scalp care &#8211; duety, kt\u00f3re sprawi\u0142y, \u017ce w\u0142osy sta\u0142y [&hellip;]<\/p>\n","protected":false},"author":5,"featured_media":175,"comment_status":"open","ping_status":"open","sticky":false,"template":"","format":"standard","meta":{"footnotes":""},"categories":[4,3],"tags":[53,143,54,51,144,52],"class_list":["post-174","post","type-post","status-publish","format-standard","has-post-thumbnail","hentry","category-lifestyle","category-uroda","tag-dbanie-o-wlosy","tag-hair-cycling","tag-jak-zadbac-o-wlosy","tag-pielegnacja-wlosow","tag-scalp-care","tag-wlosy"],"yoast_head":"<!-- This site is optimized with the Yoast SEO plugin v26.0 - https:\/\/yoast.com\/wordpress\/plugins\/seo\/ -->\n<title>Hair cycling i scalp care - dlaczego zdrowa sk\u00f3ra g\u0142owy sta\u0142a si\u0119 nowym trendem beauty? - Moda i Uroda<\/title>\n<meta name=\"description\" content=\"Zapomnij o maskowaniu problem\u00f3w ton\u0105 lakieru czy suchym szamponem. W 2026 roku \u015bwiat beauty og\u0142osi\u0142 wielki powr\u00f3t do korzeni, i to dos\u0142ownie! Je\u015bli my\u015bleli\u015bcie, \u017ce piel\u0119gnacja twarzy to szczyt zaawansowania w Waszej \u0142azience, przygotujcie si\u0119 na rewolucj\u0119, kt\u00f3ra dzieje si\u0119 nieco wy\u017cej. Poznajcie hair cycling i scalp care - duety, kt\u00f3re sprawi\u0142y, \u017ce w\u0142osy sta\u0142y si\u0119 nowym, najwa\u017cniejszym filarem naszej pewno\u015bci siebie. To nie jest tylko kolejny trend z TikToka. To zmiana filozofii, kt\u00f3ra m\u00f3wi jasno: pi\u0119kne w\u0142osy zaczynaj\u0105 si\u0119 tam, gdzie ich nie wida\u0107 - w sk\u00f3rze g\u0142owy.\" \/>\n<meta name=\"robots\" content=\"index, follow, max-snippet:-1, max-image-preview:large, max-video-preview:-1\" \/>\n<link rel=\"canonical\" href=\"https:\/\/modaiuroda.net\/?p=174\" \/>\n<meta property=\"og:locale\" content=\"pl_PL\" \/>\n<meta property=\"og:type\" content=\"article\" \/>\n<meta property=\"og:title\" content=\"Hair cycling i scalp care - dlaczego zdrowa sk\u00f3ra g\u0142owy sta\u0142a si\u0119 nowym trendem beauty? - Moda i Uroda\" \/>\n<meta property=\"og:description\" content=\"Zapomnij o maskowaniu problem\u00f3w ton\u0105 lakieru czy suchym szamponem. W 2026 roku \u015bwiat beauty og\u0142osi\u0142 wielki powr\u00f3t do korzeni, i to dos\u0142ownie! Je\u015bli my\u015bleli\u015bcie, \u017ce piel\u0119gnacja twarzy to szczyt zaawansowania w Waszej \u0142azience, przygotujcie si\u0119 na rewolucj\u0119, kt\u00f3ra dzieje si\u0119 nieco wy\u017cej. Poznajcie hair cycling i scalp care - duety, kt\u00f3re sprawi\u0142y, \u017ce w\u0142osy sta\u0142y si\u0119 nowym, najwa\u017cniejszym filarem naszej pewno\u015bci siebie. To nie jest tylko kolejny trend z TikToka. To zmiana filozofii, kt\u00f3ra m\u00f3wi jasno: pi\u0119kne w\u0142osy zaczynaj\u0105 si\u0119 tam, gdzie ich nie wida\u0107 - w sk\u00f3rze g\u0142owy.\" \/>\n<meta property=\"og:url\" content=\"https:\/\/modaiuroda.net\/?p=174\" \/>\n<meta property=\"og:site_name\" content=\"Moda i Uroda\" \/>\n<meta property=\"article:published_time\" content=\"2026-04-27T08:39:59+00:00\" \/>\n<meta property=\"og:image\" content=\"https:\/\/modaiuroda.net\/wp-content\/uploads\/2026\/04\/MODA-I-URODA.jpg\" \/>\n\t<meta property=\"og:image:width\" content=\"1024\" \/>\n\t<meta property=\"og:image:height\" content=\"683\" \/>\n\t<meta property=\"og:image:type\" content=\"image\/jpeg\" \/>\n<meta name=\"author\" content=\"Milena Kraft\" \/>\n<meta name=\"twitter:card\" content=\"summary_large_image\" \/>\n<meta name=\"twitter:label1\" content=\"Napisane przez\" \/>\n\t<meta name=\"twitter:data1\" content=\"Milena Kraft\" \/>\n\t<meta name=\"twitter:label2\" content=\"Szacowany czas czytania\" \/>\n\t<meta name=\"twitter:data2\" content=\"6 minut\" \/>\n<script type=\"application\/ld+json\" class=\"yoast-schema-graph\">{\"@context\":\"https:\/\/schema.org\",\"@graph\":[{\"@type\":\"WebPage\",\"@id\":\"https:\/\/modaiuroda.net\/?p=174\",\"url\":\"https:\/\/modaiuroda.net\/?p=174\",\"name\":\"Hair cycling i scalp care - dlaczego zdrowa sk\u00f3ra g\u0142owy sta\u0142a si\u0119 nowym trendem beauty? - Moda i Uroda\",\"isPartOf\":{\"@id\":\"https:\/\/modaiuroda.net\/#website\"},\"primaryImageOfPage\":{\"@id\":\"https:\/\/modaiuroda.net\/?p=174#primaryimage\"},\"image\":{\"@id\":\"https:\/\/modaiuroda.net\/?p=174#primaryimage\"},\"thumbnailUrl\":\"https:\/\/modaiuroda.net\/wp-content\/uploads\/2026\/04\/MODA-I-URODA.jpg\",\"datePublished\":\"2026-04-27T08:39:59+00:00\",\"author\":{\"@id\":\"https:\/\/modaiuroda.net\/#\/schema\/person\/20e7432fa7dcce9e5d284b2ddd03887e\"},\"description\":\"Zapomnij o maskowaniu problem\u00f3w ton\u0105 lakieru czy suchym szamponem. W 2026 roku \u015bwiat beauty og\u0142osi\u0142 wielki powr\u00f3t do korzeni, i to dos\u0142ownie! Je\u015bli my\u015bleli\u015bcie, \u017ce piel\u0119gnacja twarzy to szczyt zaawansowania w Waszej \u0142azience, przygotujcie si\u0119 na rewolucj\u0119, kt\u00f3ra dzieje si\u0119 nieco wy\u017cej. Poznajcie hair cycling i scalp care - duety, kt\u00f3re sprawi\u0142y, \u017ce w\u0142osy sta\u0142y si\u0119 nowym, najwa\u017cniejszym filarem naszej pewno\u015bci siebie. To nie jest tylko kolejny trend z TikToka. To zmiana filozofii, kt\u00f3ra m\u00f3wi jasno: pi\u0119kne w\u0142osy zaczynaj\u0105 si\u0119 tam, gdzie ich nie wida\u0107 - w sk\u00f3rze g\u0142owy.\",\"breadcrumb\":{\"@id\":\"https:\/\/modaiuroda.net\/?p=174#breadcrumb\"},\"inLanguage\":\"pl-PL\",\"potentialAction\":[{\"@type\":\"ReadAction\",\"target\":[\"https:\/\/modaiuroda.net\/?p=174\"]}]},{\"@type\":\"ImageObject\",\"inLanguage\":\"pl-PL\",\"@id\":\"https:\/\/modaiuroda.net\/?p=174#primaryimage\",\"url\":\"https:\/\/modaiuroda.net\/wp-content\/uploads\/2026\/04\/MODA-I-URODA.jpg\",\"contentUrl\":\"https:\/\/modaiuroda.net\/wp-content\/uploads\/2026\/04\/MODA-I-URODA.jpg\",\"width\":1024,\"height\":683},{\"@type\":\"BreadcrumbList\",\"@id\":\"https:\/\/modaiuroda.net\/?p=174#breadcrumb\",\"itemListElement\":[{\"@type\":\"ListItem\",\"position\":1,\"name\":\"Strona g\u0142\u00f3wna\",\"item\":\"https:\/\/modaiuroda.net\/\"},{\"@type\":\"ListItem\",\"position\":2,\"name\":\"Hair cycling i scalp care &#8211; dlaczego zdrowa sk\u00f3ra g\u0142owy sta\u0142a si\u0119 nowym trendem beauty?\"}]},{\"@type\":\"WebSite\",\"@id\":\"https:\/\/modaiuroda.net\/#website\",\"url\":\"https:\/\/modaiuroda.net\/\",\"name\":\"Moda i Uroda\",\"description\":\"Blog o modzie i urodzie\",\"potentialAction\":[{\"@type\":\"SearchAction\",\"target\":{\"@type\":\"EntryPoint\",\"urlTemplate\":\"https:\/\/modaiuroda.net\/?s={search_term_string}\"},\"query-input\":{\"@type\":\"PropertyValueSpecification\",\"valueRequired\":true,\"valueName\":\"search_term_string\"}}],\"inLanguage\":\"pl-PL\"},{\"@type\":\"Person\",\"@id\":\"https:\/\/modaiuroda.net\/#\/schema\/person\/20e7432fa7dcce9e5d284b2ddd03887e\",\"name\":\"Milena Kraft\",\"image\":{\"@type\":\"ImageObject\",\"inLanguage\":\"pl-PL\",\"@id\":\"https:\/\/modaiuroda.net\/#\/schema\/person\/image\/\",\"url\":\"https:\/\/secure.gravatar.com\/avatar\/8d217197e97179d7a5a1556e08228cd14ac4b7d3f57891c4cf8e32bba6cb2071?s=96&d=mm&r=g\",\"contentUrl\":\"https:\/\/secure.gravatar.com\/avatar\/8d217197e97179d7a5a1556e08228cd14ac4b7d3f57891c4cf8e32bba6cb2071?s=96&d=mm&r=g\",\"caption\":\"Milena Kraft\"},\"url\":\"https:\/\/modaiuroda.net\/?author=5\"}]}<\/script>\n<!-- \/ Yoast SEO plugin. -->","yoast_head_json":{"title":"Hair cycling i scalp care - dlaczego zdrowa sk\u00f3ra g\u0142owy sta\u0142a si\u0119 nowym trendem beauty? - Moda i Uroda","description":"Zapomnij o maskowaniu problem\u00f3w ton\u0105 lakieru czy suchym szamponem. W 2026 roku \u015bwiat beauty og\u0142osi\u0142 wielki powr\u00f3t do korzeni, i to dos\u0142ownie! Je\u015bli my\u015bleli\u015bcie, \u017ce piel\u0119gnacja twarzy to szczyt zaawansowania w Waszej \u0142azience, przygotujcie si\u0119 na rewolucj\u0119, kt\u00f3ra dzieje si\u0119 nieco wy\u017cej. Poznajcie hair cycling i scalp care - duety, kt\u00f3re sprawi\u0142y, \u017ce w\u0142osy sta\u0142y si\u0119 nowym, najwa\u017cniejszym filarem naszej pewno\u015bci siebie. To nie jest tylko kolejny trend z TikToka. To zmiana filozofii, kt\u00f3ra m\u00f3wi jasno: pi\u0119kne w\u0142osy zaczynaj\u0105 si\u0119 tam, gdzie ich nie wida\u0107 - w sk\u00f3rze g\u0142owy.","robots":{"index":"index","follow":"follow","max-snippet":"max-snippet:-1","max-image-preview":"max-image-preview:large","max-video-preview":"max-video-preview:-1"},"canonical":"https:\/\/modaiuroda.net\/?p=174","og_locale":"pl_PL","og_type":"article","og_title":"Hair cycling i scalp care - dlaczego zdrowa sk\u00f3ra g\u0142owy sta\u0142a si\u0119 nowym trendem beauty? - Moda i Uroda","og_description":"Zapomnij o maskowaniu problem\u00f3w ton\u0105 lakieru czy suchym szamponem. W 2026 roku \u015bwiat beauty og\u0142osi\u0142 wielki powr\u00f3t do korzeni, i to dos\u0142ownie! Je\u015bli my\u015bleli\u015bcie, \u017ce piel\u0119gnacja twarzy to szczyt zaawansowania w Waszej \u0142azience, przygotujcie si\u0119 na rewolucj\u0119, kt\u00f3ra dzieje si\u0119 nieco wy\u017cej. Poznajcie hair cycling i scalp care - duety, kt\u00f3re sprawi\u0142y, \u017ce w\u0142osy sta\u0142y si\u0119 nowym, najwa\u017cniejszym filarem naszej pewno\u015bci siebie. To nie jest tylko kolejny trend z TikToka. To zmiana filozofii, kt\u00f3ra m\u00f3wi jasno: pi\u0119kne w\u0142osy zaczynaj\u0105 si\u0119 tam, gdzie ich nie wida\u0107 - w sk\u00f3rze g\u0142owy.","og_url":"https:\/\/modaiuroda.net\/?p=174","og_site_name":"Moda i Uroda","article_published_time":"2026-04-27T08:39:59+00:00","og_image":[{"width":1024,"height":683,"url":"https:\/\/modaiuroda.net\/wp-content\/uploads\/2026\/04\/MODA-I-URODA.jpg","type":"image\/jpeg"}],"author":"Milena Kraft","twitter_card":"summary_large_image","twitter_misc":{"Napisane przez":"Milena Kraft","Szacowany czas czytania":"6 minut"},"schema":{"@context":"https:\/\/schema.org","@graph":[{"@type":"WebPage","@id":"https:\/\/modaiuroda.net\/?p=174","url":"https:\/\/modaiuroda.net\/?p=174","name":"Hair cycling i scalp care - dlaczego zdrowa sk\u00f3ra g\u0142owy sta\u0142a si\u0119 nowym trendem beauty? - Moda i Uroda","isPartOf":{"@id":"https:\/\/modaiuroda.net\/#website"},"primaryImageOfPage":{"@id":"https:\/\/modaiuroda.net\/?p=174#primaryimage"},"image":{"@id":"https:\/\/modaiuroda.net\/?p=174#primaryimage"},"thumbnailUrl":"https:\/\/modaiuroda.net\/wp-content\/uploads\/2026\/04\/MODA-I-URODA.jpg","datePublished":"2026-04-27T08:39:59+00:00","author":{"@id":"https:\/\/modaiuroda.net\/#\/schema\/person\/20e7432fa7dcce9e5d284b2ddd03887e"},"description":"Zapomnij o maskowaniu problem\u00f3w ton\u0105 lakieru czy suchym szamponem. W 2026 roku \u015bwiat beauty og\u0142osi\u0142 wielki powr\u00f3t do korzeni, i to dos\u0142ownie! Je\u015bli my\u015bleli\u015bcie, \u017ce piel\u0119gnacja twarzy to szczyt zaawansowania w Waszej \u0142azience, przygotujcie si\u0119 na rewolucj\u0119, kt\u00f3ra dzieje si\u0119 nieco wy\u017cej. Poznajcie hair cycling i scalp care - duety, kt\u00f3re sprawi\u0142y, \u017ce w\u0142osy sta\u0142y si\u0119 nowym, najwa\u017cniejszym filarem naszej pewno\u015bci siebie. To nie jest tylko kolejny trend z TikToka. To zmiana filozofii, kt\u00f3ra m\u00f3wi jasno: pi\u0119kne w\u0142osy zaczynaj\u0105 si\u0119 tam, gdzie ich nie wida\u0107 - w sk\u00f3rze g\u0142owy.","breadcrumb":{"@id":"https:\/\/modaiuroda.net\/?p=174#breadcrumb"},"inLanguage":"pl-PL","potentialAction":[{"@type":"ReadAction","target":["https:\/\/modaiuroda.net\/?p=174"]}]},{"@type":"ImageObject","inLanguage":"pl-PL","@id":"https:\/\/modaiuroda.net\/?p=174#primaryimage","url":"https:\/\/modaiuroda.net\/wp-content\/uploads\/2026\/04\/MODA-I-URODA.jpg","contentUrl":"https:\/\/modaiuroda.net\/wp-content\/uploads\/2026\/04\/MODA-I-URODA.jpg","width":1024,"height":683},{"@type":"BreadcrumbList","@id":"https:\/\/modaiuroda.net\/?p=174#breadcrumb","itemListElement":[{"@type":"ListItem","position":1,"name":"Strona g\u0142\u00f3wna","item":"https:\/\/modaiuroda.net\/"},{"@type":"ListItem","position":2,"name":"Hair cycling i scalp care &#8211; dlaczego zdrowa sk\u00f3ra g\u0142owy sta\u0142a si\u0119 nowym trendem beauty?"}]},{"@type":"WebSite","@id":"https:\/\/modaiuroda.net\/#website","url":"https:\/\/modaiuroda.net\/","name":"Moda i Uroda","description":"Blog o modzie i urodzie","potentialAction":[{"@type":"SearchAction","target":{"@type":"EntryPoint","urlTemplate":"https:\/\/modaiuroda.net\/?s={search_term_string}"},"query-input":{"@type":"PropertyValueSpecification","valueRequired":true,"valueName":"search_term_string"}}],"inLanguage":"pl-PL"},{"@type":"Person","@id":"https:\/\/modaiuroda.net\/#\/schema\/person\/20e7432fa7dcce9e5d284b2ddd03887e","name":"Milena Kraft","image":{"@type":"ImageObject","inLanguage":"pl-PL","@id":"https:\/\/modaiuroda.net\/#\/schema\/person\/image\/","url":"https:\/\/secure.gravatar.com\/avatar\/8d217197e97179d7a5a1556e08228cd14ac4b7d3f57891c4cf8e32bba6cb2071?s=96&d=mm&r=g","contentUrl":"https:\/\/secure.gravatar.com\/avatar\/8d217197e97179d7a5a1556e08228cd14ac4b7d3f57891c4cf8e32bba6cb2071?s=96&d=mm&r=g","caption":"Milena Kraft"},"url":"https:\/\/modaiuroda.net\/?author=5"}]}},"_links":{"self":[{"href":"https:\/\/modaiuroda.net\/index.php?rest_route=\/wp\/v2\/posts\/174","targetHints":{"allow":["GET"]}}],"collection":[{"href":"https:\/\/modaiuroda.net\/index.php?rest_route=\/wp\/v2\/posts"}],"about":[{"href":"https:\/\/modaiuroda.net\/index.php?rest_route=\/wp\/v2\/types\/post"}],"author":[{"embeddable":true,"href":"https:\/\/modaiuroda.net\/index.php?rest_route=\/wp\/v2\/users\/5"}],"replies":[{"embeddable":true,"href":"https:\/\/modaiuroda.net\/index.php?rest_route=%2Fwp%2Fv2%2Fcomments&post=174"}],"version-history":[{"count":1,"href":"https:\/\/modaiuroda.net\/index.php?rest_route=\/wp\/v2\/posts\/174\/revisions"}],"predecessor-version":[{"id":176,"href":"https:\/\/modaiuroda.net\/index.php?rest_route=\/wp\/v2\/posts\/174\/revisions\/176"}],"wp:featuredmedia":[{"embeddable":true,"href":"https:\/\/modaiuroda.net\/index.php?rest_route=\/wp\/v2\/media\/175"}],"wp:attachment":[{"href":"https:\/\/modaiuroda.net\/index.php?rest_route=%2Fwp%2Fv2%2Fmedia&parent=174"}],"wp:term":[{"taxonomy":"category","embeddable":true,"href":"https:\/\/modaiuroda.net\/index.php?rest_route=%2Fwp%2Fv2%2Fcategories&post=174"},{"taxonomy":"post_tag","embeddable":true,"href":"https:\/\/modaiuroda.net\/index.php?rest_route=%2Fwp%2Fv2%2Ftags&post=174"}],"curies":[{"name":"wp","href":"https:\/\/api.w.org\/{rel}","templated":true}]}}